{"id":1054,"date":"2018-10-29T17:14:03","date_gmt":"2018-10-29T16:14:03","guid":{"rendered":"http:\/\/www.malexbalet.cz\/?p=1054"},"modified":"2018-10-30T19:58:15","modified_gmt":"2018-10-30T18:58:15","slug":"slavnostni-koncert-ke-vzniku-ceskoslovenska","status":"publish","type":"post","link":"https:\/\/www.malexbalet.cz\/?p=1054","title":{"rendered":"Slavnostn\u00ed koncert ke vzniku \u010ceskoslovenska v divadle F.X.\u0160aldy"},"content":{"rendered":"<p><a href=\"http:\/\/www.malexbalet.cz\/?attachment_id=1065\" rel=\"attachment wp-att-1065\"><img loading=\"lazy\" decoding=\"async\" class=\"alignnone size-medium wp-image-1065\" src=\"http:\/\/www.malexbalet.cz\/wp-content\/uploads\/2018\/10\/20181028_165449-2.jpg\" alt=\"\" width=\"1\" height=\"1\" \/><\/a><a href=\"http:\/\/www.malexbalet.cz\/?attachment_id=1061\" rel=\"attachment wp-att-1061\"><img loading=\"lazy\" decoding=\"async\" class=\"alignnone size-medium wp-image-1061\" src=\"http:\/\/www.malexbalet.cz\/wp-content\/uploads\/2018\/10\/20181028_172436-1.jpg\" alt=\"\" width=\"1\" height=\"1\" \/><\/a>V \u0160aldov\u011b divadle jste m\u011bli p\u0159\u00edle\u017eitost vid\u011bt <a href=\"http:\/\/www.saldovo-divadlo.cz\/program\/detail-predstaveni\/r\/slavnostni-koncert-k-vyroci-vzniku-ceskoslovenske-republiky\" target=\"_blank\" rel=\"noopener\">SLAVNOSTN\u00cd KONCERT<\/a>, na kter\u00e9m krom orchestru DFX\u0160 pod taktovkou Martina Doubravsk\u00e9ho \u00fa\u010dinkovali i Sever\u00e1\u010dek, Rosex, <span style=\"color: #ff0000;\">baletn\u00ed \u0161kola Malex<\/span>, nebo nadan\u00fd houslista Daniel Matej\u010da. Ve\u010derem prov\u00e1zela Mark\u00e9ta Tallerov\u00e1.<\/p>\n<p><a href=\"http:\/\/www.malexbalet.cz\/?attachment_id=1069\" rel=\"attachment wp-att-1069\"><img loading=\"lazy\" decoding=\"async\" class=\"size-medium wp-image-1069 alignnone\" src=\"http:\/\/www.malexbalet.cz\/wp-content\/uploads\/2018\/10\/20181028_165449-300x169.jpg\" alt=\"\" width=\"300\" height=\"169\" srcset=\"https:\/\/www.malexbalet.cz\/wp-content\/uploads\/2018\/10\/20181028_165449-300x169.jpg 300w, https:\/\/www.malexbalet.cz\/wp-content\/uploads\/2018\/10\/20181028_165449-1024x576.jpg 1024w, https:\/\/www.malexbalet.cz\/wp-content\/uploads\/2018\/10\/20181028_165449-300x169@2x.jpg 600w, https:\/\/www.malexbalet.cz\/wp-content\/uploads\/2018\/10\/20181028_165449-1024x576@2x.jpg 2048w\" sizes=\"auto, (max-width: 300px) 100vw, 300px\" \/><\/a><\/p>\n<p><a href=\"http:\/\/www.malexbalet.cz\/?attachment_id=1051\" rel=\"attachment wp-att-1051\"><img loading=\"lazy\" decoding=\"async\" class=\"size-medium wp-image-1051 alignleft\" src=\"http:\/\/www.malexbalet.cz\/wp-content\/uploads\/2018\/10\/20181028_1726081-300x169.jpg\" alt=\"\" width=\"300\" height=\"169\" \/><\/a><a href=\"http:\/\/www.malexbalet.cz\/?attachment_id=1057\" rel=\"attachment wp-att-1057\"><img loading=\"lazy\" decoding=\"async\" class=\"size-medium wp-image-1057 alignleft\" src=\"http:\/\/www.malexbalet.cz\/wp-content\/uploads\/2018\/10\/20181028_161004-1-300x169.jpg\" alt=\"\" width=\"300\" height=\"169\" srcset=\"https:\/\/www.malexbalet.cz\/wp-content\/uploads\/2018\/10\/20181028_161004-1-300x169.jpg 300w, https:\/\/www.malexbalet.cz\/wp-content\/uploads\/2018\/10\/20181028_161004-1-1024x576.jpg 1024w, https:\/\/www.malexbalet.cz\/wp-content\/uploads\/2018\/10\/20181028_161004-1-300x169@2x.jpg 600w, https:\/\/www.malexbalet.cz\/wp-content\/uploads\/2018\/10\/20181028_161004-1-1024x576@2x.jpg 2048w\" sizes=\"auto, (max-width: 300px) 100vw, 300px\" \/><\/a><a href=\"http:\/\/www.malexbalet.cz\/?attachment_id=1049\" rel=\"attachment wp-att-1049\"><img loading=\"lazy\" decoding=\"async\" class=\"size-medium wp-image-1049 alignleft\" src=\"http:\/\/www.malexbalet.cz\/wp-content\/uploads\/2018\/10\/20181028_170319-300x169.jpg\" alt=\"\" width=\"300\" height=\"169\" srcset=\"https:\/\/www.malexbalet.cz\/wp-content\/uploads\/2018\/10\/20181028_170319-300x169.jpg 300w, https:\/\/www.malexbalet.cz\/wp-content\/uploads\/2018\/10\/20181028_170319-1024x576.jpg 1024w, https:\/\/www.malexbalet.cz\/wp-content\/uploads\/2018\/10\/20181028_170319-300x169@2x.jpg 600w, https:\/\/www.malexbalet.cz\/wp-content\/uploads\/2018\/10\/20181028_170319-1024x576@2x.jpg 2048w\" sizes=\"auto, (max-width: 300px) 100vw, 300px\" \/><\/a><\/p>\n","protected":false},"excerpt":{"rendered":"<p>V \u0160aldov\u011b divadle jste m\u011bli p\u0159\u00edle\u017eitost vid\u011bt SLAVNOSTN\u00cd KONCERT, na kter\u00e9m krom orchestru DFX\u0160 pod taktovkou Martina Doubravsk\u00e9ho \u00fa\u010dinkovali i Sever\u00e1\u010dek, Rosex, baletn\u00ed \u0161kola Malex, nebo nadan\u00fd houslista Daniel Matej\u010da. Ve\u010derem prov\u00e1zela Mark\u00e9ta Tallerov\u00e1.<\/p>\n","protected":false},"author":2,"featured_media":1057,"comment_status":"closed","ping_status":"closed","sticky":false,"template":"","format":"standard","meta":{"_acf_changed":false,"two_page_speed":[],"footnotes":""},"categories":[],"tags":[],"class_list":["post-1054","post","type-post","status-publish","format-standard","has-post-thumbnail","hentry","entry"],"acf":[],"_links":{"self":[{"href":"https:\/\/www.malexbalet.cz\/index.php?rest_route=\/wp\/v2\/posts\/1054","targetHints":{"allow":["GET"]}}],"collection":[{"href":"https:\/\/www.malexbalet.cz\/index.php?rest_route=\/wp\/v2\/posts"}],"about":[{"href":"https:\/\/www.malexbalet.cz\/index.php?rest_route=\/wp\/v2\/types\/post"}],"author":[{"embeddable":true,"href":"https:\/\/www.malexbalet.cz\/index.php?rest_route=\/wp\/v2\/users\/2"}],"replies":[{"embeddable":true,"href":"https:\/\/www.malexbalet.cz\/index.php?rest_route=%2Fwp%2Fv2%2Fcomments&post=1054"}],"version-history":[{"count":10,"href":"https:\/\/www.malexbalet.cz\/index.php?rest_route=\/wp\/v2\/posts\/1054\/revisions"}],"predecessor-version":[{"id":1073,"href":"https:\/\/www.malexbalet.cz\/index.php?rest_route=\/wp\/v2\/posts\/1054\/revisions\/1073"}],"wp:featuredmedia":[{"embeddable":true,"href":"https:\/\/www.malexbalet.cz\/index.php?rest_route=\/wp\/v2\/media\/1057"}],"wp:attachment":[{"href":"https:\/\/www.malexbalet.cz\/index.php?rest_route=%2Fwp%2Fv2%2Fmedia&parent=1054"}],"wp:term":[{"taxonomy":"category","embeddable":true,"href":"https:\/\/www.malexbalet.cz\/index.php?rest_route=%2Fwp%2Fv2%2Fcategories&post=1054"},{"taxonomy":"post_tag","embeddable":true,"href":"https:\/\/www.malexbalet.cz\/index.php?rest_route=%2Fwp%2Fv2%2Ftags&post=1054"}],"curies":[{"name":"wp","href":"https:\/\/api.w.org\/{rel}","templated":true}]}}