{"id":1230,"date":"2019-03-06T13:33:00","date_gmt":"2019-03-06T12:33:00","guid":{"rendered":"https:\/\/www.malexbalet.cz\/?p=1230"},"modified":"2019-03-06T13:33:38","modified_gmt":"2019-03-06T12:33:38","slug":"1230","status":"publish","type":"post","link":"https:\/\/www.malexbalet.cz\/?p=1230","title":{"rendered":"Z\u00e1\u0161titu nad akc\u00ed  NEW GENERATION"},"content":{"rendered":"<p><img loading=\"lazy\" decoding=\"async\" class=\"alignleft size-medium wp-image-1222\" src=\"https:\/\/www.malexbalet.cz\/wp-content\/uploads\/2019\/03\/Logo_LK_barevne_pantone-300x118.png\" alt=\"\" width=\"300\" height=\"118\" \/><span style=\"font-family: arial,helvetica,sans-serif;\"><strong><span style=\"font-family: arial,helvetica,sans-serif;\">Z<em>\u00e1\u0161titu<\/em> <\/span>nad akc\u00ed\u00a0 NEW GENERATION p\u0159evzala\u00a0 <\/strong><\/span><strong>Ing.<\/strong><strong><em>Kv\u011bta<\/em><\/strong> <strong><em>Vinkl\u00e1tov\u00e1<\/em><\/strong><span style=\"font-family: arial,helvetica,sans-serif;\"><strong>, \u010dlenka Rady Libereck\u00e9ho kraje.<\/strong><\/span><\/p>\n<p style=\"text-align: right;\">\n","protected":false},"excerpt":{"rendered":"<p>Z\u00e1\u0161titu nad akc\u00ed\u00a0 NEW GENERATION p\u0159evzala\u00a0 Ing.Kv\u011bta Vinkl\u00e1tov\u00e1, \u010dlenka Rady Libereck\u00e9ho kraje.<\/p>\n","protected":false},"author":2,"featured_media":1222,"comment_status":"closed","ping_status":"closed","sticky":false,"template":"","format":"standard","meta":{"_acf_changed":false,"two_page_speed":[],"footnotes":""},"categories":[],"tags":[],"class_list":["post-1230","post","type-post","status-publish","format-standard","has-post-thumbnail","hentry","entry"],"acf":[],"_links":{"self":[{"href":"https:\/\/www.malexbalet.cz\/index.php?rest_route=\/wp\/v2\/posts\/1230","targetHints":{"allow":["GET"]}}],"collection":[{"href":"https:\/\/www.malexbalet.cz\/index.php?rest_route=\/wp\/v2\/posts"}],"about":[{"href":"https:\/\/www.malexbalet.cz\/index.php?rest_route=\/wp\/v2\/types\/post"}],"author":[{"embeddable":true,"href":"https:\/\/www.malexbalet.cz\/index.php?rest_route=\/wp\/v2\/users\/2"}],"replies":[{"embeddable":true,"href":"https:\/\/www.malexbalet.cz\/index.php?rest_route=%2Fwp%2Fv2%2Fcomments&post=1230"}],"version-history":[{"count":2,"href":"https:\/\/www.malexbalet.cz\/index.php?rest_route=\/wp\/v2\/posts\/1230\/revisions"}],"predecessor-version":[{"id":1232,"href":"https:\/\/www.malexbalet.cz\/index.php?rest_route=\/wp\/v2\/posts\/1230\/revisions\/1232"}],"wp:featuredmedia":[{"embeddable":true,"href":"https:\/\/www.malexbalet.cz\/index.php?rest_route=\/wp\/v2\/media\/1222"}],"wp:attachment":[{"href":"https:\/\/www.malexbalet.cz\/index.php?rest_route=%2Fwp%2Fv2%2Fmedia&parent=1230"}],"wp:term":[{"taxonomy":"category","embeddable":true,"href":"https:\/\/www.malexbalet.cz\/index.php?rest_route=%2Fwp%2Fv2%2Fcategories&post=1230"},{"taxonomy":"post_tag","embeddable":true,"href":"https:\/\/www.malexbalet.cz\/index.php?rest_route=%2Fwp%2Fv2%2Ftags&post=1230"}],"curies":[{"name":"wp","href":"https:\/\/api.w.org\/{rel}","templated":true}]}}