{"id":1373,"date":"2019-10-07T19:16:32","date_gmt":"2019-10-07T17:16:32","guid":{"rendered":"https:\/\/www.malexbalet.cz\/?p=1373"},"modified":"2020-07-02T08:16:43","modified_gmt":"2020-07-02T06:16:43","slug":"new-generation-2020","status":"publish","type":"post","link":"https:\/\/www.malexbalet.cz\/?p=1373","title":{"rendered":"NEW GENERATION 2020"},"content":{"rendered":"<p style=\"text-align: left;\"><img loading=\"lazy\" decoding=\"async\" class=\"alignleft wp-image-1370\" src=\"https:\/\/www.malexbalet.cz\/wp-content\/uploads\/2018\/11\/Plakat-New-generation-2020.jpg\" alt=\"\" width=\"382\" height=\"540\" srcset=\"https:\/\/www.malexbalet.cz\/wp-content\/uploads\/2018\/11\/Plakat-New-generation-2020.jpg 1123w, https:\/\/www.malexbalet.cz\/wp-content\/uploads\/2018\/11\/Plakat-New-generation-2020-212x300.jpg 212w, https:\/\/www.malexbalet.cz\/wp-content\/uploads\/2018\/11\/Plakat-New-generation-2020-725x1024.jpg 725w, https:\/\/www.malexbalet.cz\/wp-content\/uploads\/2018\/11\/Plakat-New-generation-2020-212x300@2x.jpg 424w\" sizes=\"auto, (max-width: 382px) 100vw, 382px\" \/><\/p>\n<p style=\"text-align: left;\"><span style=\"font-size: 12pt;\">Je to tady! Vyhla\u0161ujeme 2. ro\u010dn\u00edk sout\u011b\u017ee NEW GENERATION, kter\u00fd se bude konat tentokr\u00e1t v sobotu 18.4.2020 op\u011bt v Mal\u00e9m divadle v Liberci ! T\u011b\u0161\u00edme se na V\u00e1s v\u0161echny!\u00a0<\/span><\/p>\n<p style=\"text-align: left;\"><span style=\"font-size: 12pt;\">Tane\u010dn\u00ed sout\u011b\u017e <strong><span style=\"color: #333399;\">NEW GENERATION<\/span><\/strong> 2. ro\u010dn\u00edk.<\/span><\/p>\n<p style=\"text-align: left;\"><span style=\"color: #ff0000; font-size: 12pt;\">18.4.2020<br \/>\n<\/span><\/p>\n<p style=\"text-align: left;\"><span style=\"font-size: 12pt;\"><span style=\"color: #ff0000;\"> Mal\u00e9 divadlo, Liberec<\/span><\/span><\/p>\n","protected":false},"excerpt":{"rendered":"<p>Je to tady! Vyhla\u0161ujeme 2. ro\u010dn\u00edk sout\u011b\u017ee NEW GENERATION, kter\u00fd se bude konat tentokr\u00e1t v sobotu 18.4.2020 op\u011bt v Mal\u00e9m divadle v Liberci ! T\u011b\u0161\u00edme se na V\u00e1s v\u0161echny!\u00a0 Tane\u010dn\u00ed sout\u011b\u017e NEW GENERATION 2. ro\u010dn\u00edk. 18.4.2020 Mal\u00e9 divadlo, Liberec<\/p>\n","protected":false},"author":2,"featured_media":1370,"comment_status":"closed","ping_status":"closed","sticky":false,"template":"","format":"standard","meta":{"_acf_changed":false,"two_page_speed":[],"footnotes":""},"categories":[],"tags":[],"class_list":["post-1373","post","type-post","status-publish","format-standard","has-post-thumbnail","hentry","entry"],"acf":[],"_links":{"self":[{"href":"https:\/\/www.malexbalet.cz\/index.php?rest_route=\/wp\/v2\/posts\/1373","targetHints":{"allow":["GET"]}}],"collection":[{"href":"https:\/\/www.malexbalet.cz\/index.php?rest_route=\/wp\/v2\/posts"}],"about":[{"href":"https:\/\/www.malexbalet.cz\/index.php?rest_route=\/wp\/v2\/types\/post"}],"author":[{"embeddable":true,"href":"https:\/\/www.malexbalet.cz\/index.php?rest_route=\/wp\/v2\/users\/2"}],"replies":[{"embeddable":true,"href":"https:\/\/www.malexbalet.cz\/index.php?rest_route=%2Fwp%2Fv2%2Fcomments&post=1373"}],"version-history":[{"count":4,"href":"https:\/\/www.malexbalet.cz\/index.php?rest_route=\/wp\/v2\/posts\/1373\/revisions"}],"predecessor-version":[{"id":1452,"href":"https:\/\/www.malexbalet.cz\/index.php?rest_route=\/wp\/v2\/posts\/1373\/revisions\/1452"}],"wp:featuredmedia":[{"embeddable":true,"href":"https:\/\/www.malexbalet.cz\/index.php?rest_route=\/wp\/v2\/media\/1370"}],"wp:attachment":[{"href":"https:\/\/www.malexbalet.cz\/index.php?rest_route=%2Fwp%2Fv2%2Fmedia&parent=1373"}],"wp:term":[{"taxonomy":"category","embeddable":true,"href":"https:\/\/www.malexbalet.cz\/index.php?rest_route=%2Fwp%2Fv2%2Fcategories&post=1373"},{"taxonomy":"post_tag","embeddable":true,"href":"https:\/\/www.malexbalet.cz\/index.php?rest_route=%2Fwp%2Fv2%2Ftags&post=1373"}],"curies":[{"name":"wp","href":"https:\/\/api.w.org\/{rel}","templated":true}]}}