{"id":1445,"date":"2020-07-02T08:09:21","date_gmt":"2020-07-02T06:09:21","guid":{"rendered":"https:\/\/www.malexbalet.cz\/?p=1445"},"modified":"2020-07-02T08:11:27","modified_gmt":"2020-07-02T06:11:27","slug":"new-generation-zmena-terminu","status":"publish","type":"post","link":"https:\/\/www.malexbalet.cz\/?p=1445","title":{"rendered":"NEW GENERATION-ZM\u011aNA TERM\u00cdNU"},"content":{"rendered":"<p style=\"text-align: left;\">V\u00e1\u017een\u00ed pedagogov\u00e9, rodi\u010de a tane\u010dn\u00edci.<br \/>\nNov\u00fd term\u00edn sout\u011bze je stanoven na <strong>5.12.2020.<\/strong><\/p>\n<p style=\"text-align: left;\">Budeme se t\u011b\u0161it na Va\u0161i \u00fa\u010dast!<\/p>\n","protected":false},"excerpt":{"rendered":"<p>V\u00e1\u017een\u00ed pedagogov\u00e9, rodi\u010de a tane\u010dn\u00edci. Nov\u00fd term\u00edn sout\u011bze je stanoven na 5.12.2020. Budeme se t\u011b\u0161it na Va\u0161i \u00fa\u010dast!<\/p>\n","protected":false},"author":2,"featured_media":1439,"comment_status":"closed","ping_status":"closed","sticky":false,"template":"","format":"standard","meta":{"_acf_changed":false,"two_page_speed":[],"footnotes":""},"categories":[],"tags":[],"class_list":["post-1445","post","type-post","status-publish","format-standard","has-post-thumbnail","hentry","entry"],"acf":[],"_links":{"self":[{"href":"https:\/\/www.malexbalet.cz\/index.php?rest_route=\/wp\/v2\/posts\/1445","targetHints":{"allow":["GET"]}}],"collection":[{"href":"https:\/\/www.malexbalet.cz\/index.php?rest_route=\/wp\/v2\/posts"}],"about":[{"href":"https:\/\/www.malexbalet.cz\/index.php?rest_route=\/wp\/v2\/types\/post"}],"author":[{"embeddable":true,"href":"https:\/\/www.malexbalet.cz\/index.php?rest_route=\/wp\/v2\/users\/2"}],"replies":[{"embeddable":true,"href":"https:\/\/www.malexbalet.cz\/index.php?rest_route=%2Fwp%2Fv2%2Fcomments&post=1445"}],"version-history":[{"count":3,"href":"https:\/\/www.malexbalet.cz\/index.php?rest_route=\/wp\/v2\/posts\/1445\/revisions"}],"predecessor-version":[{"id":1448,"href":"https:\/\/www.malexbalet.cz\/index.php?rest_route=\/wp\/v2\/posts\/1445\/revisions\/1448"}],"wp:featuredmedia":[{"embeddable":true,"href":"https:\/\/www.malexbalet.cz\/index.php?rest_route=\/wp\/v2\/media\/1439"}],"wp:attachment":[{"href":"https:\/\/www.malexbalet.cz\/index.php?rest_route=%2Fwp%2Fv2%2Fmedia&parent=1445"}],"wp:term":[{"taxonomy":"category","embeddable":true,"href":"https:\/\/www.malexbalet.cz\/index.php?rest_route=%2Fwp%2Fv2%2Fcategories&post=1445"},{"taxonomy":"post_tag","embeddable":true,"href":"https:\/\/www.malexbalet.cz\/index.php?rest_route=%2Fwp%2Fv2%2Ftags&post=1445"}],"curies":[{"name":"wp","href":"https:\/\/api.w.org\/{rel}","templated":true}]}}