{"id":1508,"date":"2020-08-24T19:41:27","date_gmt":"2020-08-24T17:41:27","guid":{"rendered":"https:\/\/www.malexbalet.cz\/?p=1508"},"modified":"2020-08-24T19:41:27","modified_gmt":"2020-08-24T17:41:27","slug":"nabor-novych-deti-od-9-let","status":"publish","type":"post","link":"https:\/\/www.malexbalet.cz\/?p=1508","title":{"rendered":"N\u00e1bor nov\u00fdch d\u011bt\u00ed od 9 let."},"content":{"rendered":"<p>N\u00e1bor nov\u00fdch d\u011bt\u00ed od 9 let. Informace na telefoni\u00edm \u010d\u00edsle. Maria Gornalova 732319023<\/p>\n<p><img loading=\"lazy\" decoding=\"async\" class=\"alignleft wp-image-1509 size-medium\" src=\"https:\/\/www.malexbalet.cz\/wp-content\/uploads\/2020\/08\/James-LouisK.-Stevenson-1-212x300.jpg\" alt=\"\" width=\"212\" height=\"300\" srcset=\"https:\/\/www.malexbalet.cz\/wp-content\/uploads\/2020\/08\/James-LouisK.-Stevenson-1-212x300.jpg 212w, https:\/\/www.malexbalet.cz\/wp-content\/uploads\/2020\/08\/James-LouisK.-Stevenson-1-724x1024.jpg 724w, https:\/\/www.malexbalet.cz\/wp-content\/uploads\/2020\/08\/James-LouisK.-Stevenson-1.jpg 1414w, https:\/\/www.malexbalet.cz\/wp-content\/uploads\/2020\/08\/James-LouisK.-Stevenson-1-212x300@2x.jpg 424w\" sizes=\"auto, (max-width: 212px) 100vw, 212px\" \/><\/p>\n","protected":false},"excerpt":{"rendered":"<p>N\u00e1bor nov\u00fdch d\u011bt\u00ed od 9 let. Informace na telefoni\u00edm \u010d\u00edsle. Maria Gornalova 732319023<\/p>\n","protected":false},"author":2,"featured_media":1509,"comment_status":"closed","ping_status":"closed","sticky":false,"template":"","format":"standard","meta":{"_acf_changed":false,"two_page_speed":[],"footnotes":""},"categories":[],"tags":[],"class_list":["post-1508","post","type-post","status-publish","format-standard","has-post-thumbnail","hentry","entry"],"acf":[],"_links":{"self":[{"href":"https:\/\/www.malexbalet.cz\/index.php?rest_route=\/wp\/v2\/posts\/1508","targetHints":{"allow":["GET"]}}],"collection":[{"href":"https:\/\/www.malexbalet.cz\/index.php?rest_route=\/wp\/v2\/posts"}],"about":[{"href":"https:\/\/www.malexbalet.cz\/index.php?rest_route=\/wp\/v2\/types\/post"}],"author":[{"embeddable":true,"href":"https:\/\/www.malexbalet.cz\/index.php?rest_route=\/wp\/v2\/users\/2"}],"replies":[{"embeddable":true,"href":"https:\/\/www.malexbalet.cz\/index.php?rest_route=%2Fwp%2Fv2%2Fcomments&post=1508"}],"version-history":[{"count":1,"href":"https:\/\/www.malexbalet.cz\/index.php?rest_route=\/wp\/v2\/posts\/1508\/revisions"}],"predecessor-version":[{"id":1510,"href":"https:\/\/www.malexbalet.cz\/index.php?rest_route=\/wp\/v2\/posts\/1508\/revisions\/1510"}],"wp:featuredmedia":[{"embeddable":true,"href":"https:\/\/www.malexbalet.cz\/index.php?rest_route=\/wp\/v2\/media\/1509"}],"wp:attachment":[{"href":"https:\/\/www.malexbalet.cz\/index.php?rest_route=%2Fwp%2Fv2%2Fmedia&parent=1508"}],"wp:term":[{"taxonomy":"category","embeddable":true,"href":"https:\/\/www.malexbalet.cz\/index.php?rest_route=%2Fwp%2Fv2%2Fcategories&post=1508"},{"taxonomy":"post_tag","embeddable":true,"href":"https:\/\/www.malexbalet.cz\/index.php?rest_route=%2Fwp%2Fv2%2Ftags&post=1508"}],"curies":[{"name":"wp","href":"https:\/\/api.w.org\/{rel}","templated":true}]}}