{"id":1529,"date":"2020-11-16T14:24:39","date_gmt":"2020-11-16T13:24:39","guid":{"rendered":"https:\/\/www.malexbalet.cz\/?p=1529"},"modified":"2020-11-16T14:24:39","modified_gmt":"2020-11-16T13:24:39","slug":"soutez-new-generation","status":"publish","type":"post","link":"https:\/\/www.malexbalet.cz\/?p=1529","title":{"rendered":"Sout\u011b\u017e New generation"},"content":{"rendered":"<div dir=\"auto\">V\u00e1\u017een\u00ed pedagogov\u00e9, rodi\u010de a tane\u010dn\u00edci.<\/div>\n<div dir=\"auto\">bohu\u017eel sou\u010dasn\u00e1 situace s Covid 19 n\u00e1s\u00a0 zase donutila sout\u011b\u017e odlo\u017eit. Nov\u00fd term\u00edn bude up\u0159esn\u011bn. P\u0159eji V\u00e1m v\u0161em pevn\u00e9 zdrav\u00ed a t\u011b\u0161\u00edm se na setk\u00e1n\u00ed.<\/div>\n","protected":false},"excerpt":{"rendered":"<p>V\u00e1\u017een\u00ed pedagogov\u00e9, rodi\u010de a tane\u010dn\u00edci. bohu\u017eel sou\u010dasn\u00e1 situace s Covid 19 n\u00e1s\u00a0 zase donutila sout\u011b\u017e odlo\u017eit. Nov\u00fd term\u00edn bude up\u0159esn\u011bn. P\u0159eji V\u00e1m v\u0161em pevn\u00e9 zdrav\u00ed a t\u011b\u0161\u00edm se na setk\u00e1n\u00ed.<\/p>\n","protected":false},"author":2,"featured_media":0,"comment_status":"closed","ping_status":"closed","sticky":false,"template":"","format":"standard","meta":{"_acf_changed":false,"two_page_speed":[],"footnotes":""},"categories":[],"tags":[],"class_list":["post-1529","post","type-post","status-publish","format-standard","hentry","no-post-thumbnail","entry"],"acf":[],"_links":{"self":[{"href":"https:\/\/www.malexbalet.cz\/index.php?rest_route=\/wp\/v2\/posts\/1529","targetHints":{"allow":["GET"]}}],"collection":[{"href":"https:\/\/www.malexbalet.cz\/index.php?rest_route=\/wp\/v2\/posts"}],"about":[{"href":"https:\/\/www.malexbalet.cz\/index.php?rest_route=\/wp\/v2\/types\/post"}],"author":[{"embeddable":true,"href":"https:\/\/www.malexbalet.cz\/index.php?rest_route=\/wp\/v2\/users\/2"}],"replies":[{"embeddable":true,"href":"https:\/\/www.malexbalet.cz\/index.php?rest_route=%2Fwp%2Fv2%2Fcomments&post=1529"}],"version-history":[{"count":1,"href":"https:\/\/www.malexbalet.cz\/index.php?rest_route=\/wp\/v2\/posts\/1529\/revisions"}],"predecessor-version":[{"id":1530,"href":"https:\/\/www.malexbalet.cz\/index.php?rest_route=\/wp\/v2\/posts\/1529\/revisions\/1530"}],"wp:attachment":[{"href":"https:\/\/www.malexbalet.cz\/index.php?rest_route=%2Fwp%2Fv2%2Fmedia&parent=1529"}],"wp:term":[{"taxonomy":"category","embeddable":true,"href":"https:\/\/www.malexbalet.cz\/index.php?rest_route=%2Fwp%2Fv2%2Fcategories&post=1529"},{"taxonomy":"post_tag","embeddable":true,"href":"https:\/\/www.malexbalet.cz\/index.php?rest_route=%2Fwp%2Fv2%2Ftags&post=1529"}],"curies":[{"name":"wp","href":"https:\/\/api.w.org\/{rel}","templated":true}]}}