{"id":1650,"date":"2022-05-26T15:05:27","date_gmt":"2022-05-26T13:05:27","guid":{"rendered":"https:\/\/www.malexbalet.cz\/?p=1650"},"modified":"2022-06-06T20:34:23","modified_gmt":"2022-06-06T18:34:23","slug":"malex-ballet-school-vas-zve-na-nabor-pro-skolni-rok-2022-2023","status":"publish","type":"post","link":"https:\/\/www.malexbalet.cz\/?p=1650","title":{"rendered":"Malex Ballet School V\u00e1s zve na n\u00e1bor pro \u0161koln\u00ed rok 2022\/2023"},"content":{"rendered":"\n<figure class=\"wp-block-image size-large is-resized is-style-rounded\"><a href=\"https:\/\/www.malexbalet.cz\/wp-content\/uploads\/2022\/05\/IGP7037-scaled.jpg\"><img loading=\"lazy\" decoding=\"async\" src=\"https:\/\/www.malexbalet.cz\/wp-content\/uploads\/2022\/05\/IGP7037-678x1024.jpg\" alt=\"\" class=\"wp-image-1651\" width=\"398\" height=\"601\" srcset=\"https:\/\/www.malexbalet.cz\/wp-content\/uploads\/2022\/05\/IGP7037-678x1024.jpg 678w, https:\/\/www.malexbalet.cz\/wp-content\/uploads\/2022\/05\/IGP7037-199x300.jpg 199w, https:\/\/www.malexbalet.cz\/wp-content\/uploads\/2022\/05\/IGP7037-1017x1536.jpg 1017w, https:\/\/www.malexbalet.cz\/wp-content\/uploads\/2022\/05\/IGP7037-1356x2048.jpg 1356w, https:\/\/www.malexbalet.cz\/wp-content\/uploads\/2022\/05\/IGP7037-scaled.jpg 1696w, https:\/\/www.malexbalet.cz\/wp-content\/uploads\/2022\/05\/IGP7037-199x300@2x.jpg 398w\" sizes=\"auto, (max-width: 398px) 100vw, 398px\" \/><\/a><\/figure>\n\n\n\n<p>Malex ballet school V\u00e1s zve na n\u00e1bor pro \u0161koln\u00ed rok 2022\/2023.<\/p>\n\n\n\n<p>D\u011bti od 3 let. P\u0158\u00cdPRAVKA.<\/p>\n\n\n\n<p>D\u011bti od 6 let. a v\u00edce do skupin.<\/p>\n\n\n\n<p><\/p>\n\n\n\n<p>Talentov\u00e1 zkou\u0161ka prob\u00edh\u00e1 po p\u0159edchoz\u00ed domluv\u011b.<\/p>\n\n\n\n<p>Tel:732319023<\/p>\n\n\n\n<p>Email:info@malexbalet.cz<\/p>\n","protected":false},"excerpt":{"rendered":"<p>Malex ballet school V\u00e1s zve na n\u00e1bor pro \u0161koln\u00ed rok 2022\/2023. D\u011bti od 3 let. P\u0158\u00cdPRAVKA. D\u011bti od 6 let. a v\u00edce do skupin. Talentov\u00e1 zkou\u0161ka prob\u00edh\u00e1 po p\u0159edchoz\u00ed domluv\u011b. Tel:732319023 Email:info@malexbalet.cz<\/p>\n","protected":false},"author":2,"featured_media":1651,"comment_status":"closed","ping_status":"closed","sticky":false,"template":"","format":"standard","meta":{"_acf_changed":false,"two_page_speed":[],"footnotes":""},"categories":[],"tags":[],"class_list":["post-1650","post","type-post","status-publish","format-standard","has-post-thumbnail","hentry","entry"],"acf":[],"_links":{"self":[{"href":"https:\/\/www.malexbalet.cz\/index.php?rest_route=\/wp\/v2\/posts\/1650","targetHints":{"allow":["GET"]}}],"collection":[{"href":"https:\/\/www.malexbalet.cz\/index.php?rest_route=\/wp\/v2\/posts"}],"about":[{"href":"https:\/\/www.malexbalet.cz\/index.php?rest_route=\/wp\/v2\/types\/post"}],"author":[{"embeddable":true,"href":"https:\/\/www.malexbalet.cz\/index.php?rest_route=\/wp\/v2\/users\/2"}],"replies":[{"embeddable":true,"href":"https:\/\/www.malexbalet.cz\/index.php?rest_route=%2Fwp%2Fv2%2Fcomments&post=1650"}],"version-history":[{"count":2,"href":"https:\/\/www.malexbalet.cz\/index.php?rest_route=\/wp\/v2\/posts\/1650\/revisions"}],"predecessor-version":[{"id":1655,"href":"https:\/\/www.malexbalet.cz\/index.php?rest_route=\/wp\/v2\/posts\/1650\/revisions\/1655"}],"wp:featuredmedia":[{"embeddable":true,"href":"https:\/\/www.malexbalet.cz\/index.php?rest_route=\/wp\/v2\/media\/1651"}],"wp:attachment":[{"href":"https:\/\/www.malexbalet.cz\/index.php?rest_route=%2Fwp%2Fv2%2Fmedia&parent=1650"}],"wp:term":[{"taxonomy":"category","embeddable":true,"href":"https:\/\/www.malexbalet.cz\/index.php?rest_route=%2Fwp%2Fv2%2Fcategories&post=1650"},{"taxonomy":"post_tag","embeddable":true,"href":"https:\/\/www.malexbalet.cz\/index.php?rest_route=%2Fwp%2Fv2%2Ftags&post=1650"}],"curies":[{"name":"wp","href":"https:\/\/api.w.org\/{rel}","templated":true}]}}