{"id":1687,"date":"2022-10-15T11:43:53","date_gmt":"2022-10-15T09:43:53","guid":{"rendered":"https:\/\/www.malexbalet.cz\/?p=1687"},"modified":"2022-10-15T11:45:59","modified_gmt":"2022-10-15T09:45:59","slug":"1687","status":"publish","type":"post","link":"https:\/\/www.malexbalet.cz\/?p=1687","title":{"rendered":"New generation 2023"},"content":{"rendered":"\n<h2 class=\"wp-block-heading\">Vyhla\u0161ujeme 3. ro\u010dn\u00edk sout\u011b\u017ee NEW GENERATION, kter\u00fd se bude konat tentokr\u00e1t v ned\u011bli  23.4.2023 op\u011bt v Mal\u00e9m divadle v Liberci ! T\u011b\u0161\u00edme se na V\u00e1s v\u0161echny!&nbsp;<\/h2>\n\n\n\n<figure class=\"wp-block-image size-large is-resized\"><a href=\"https:\/\/www.malexbalet.cz\/wp-content\/uploads\/2022\/10\/Plakat-New-generation-2020-2.jpg\"><img loading=\"lazy\" decoding=\"async\" src=\"https:\/\/www.malexbalet.cz\/wp-content\/uploads\/2022\/10\/Plakat-New-generation-2020-2-724x1024.jpg\" alt=\"\" class=\"wp-image-1688\" width=\"368\" height=\"520\" srcset=\"https:\/\/www.malexbalet.cz\/wp-content\/uploads\/2022\/10\/Plakat-New-generation-2020-2-724x1024.jpg 724w, https:\/\/www.malexbalet.cz\/wp-content\/uploads\/2022\/10\/Plakat-New-generation-2020-2-212x300.jpg 212w, https:\/\/www.malexbalet.cz\/wp-content\/uploads\/2022\/10\/Plakat-New-generation-2020-2-1086x1536.jpg 1086w, https:\/\/www.malexbalet.cz\/wp-content\/uploads\/2022\/10\/Plakat-New-generation-2020-2.jpg 1414w, https:\/\/www.malexbalet.cz\/wp-content\/uploads\/2022\/10\/Plakat-New-generation-2020-2-212x300@2x.jpg 424w\" sizes=\"auto, (max-width: 368px) 100vw, 368px\" \/><\/a><\/figure>\n","protected":false},"excerpt":{"rendered":"<p>Vyhla\u0161ujeme 3. ro\u010dn\u00edk sout\u011b\u017ee NEW GENERATION, kter\u00fd se bude konat tentokr\u00e1t v ned\u011bli 23.4.2023 op\u011bt v Mal\u00e9m divadle v Liberci ! T\u011b\u0161\u00edme se na V\u00e1s v\u0161echny!&nbsp;<\/p>\n","protected":false},"author":2,"featured_media":0,"comment_status":"closed","ping_status":"closed","sticky":false,"template":"","format":"standard","meta":{"_acf_changed":false,"two_page_speed":[],"footnotes":""},"categories":[],"tags":[],"class_list":["post-1687","post","type-post","status-publish","format-standard","hentry","no-post-thumbnail","entry"],"acf":[],"_links":{"self":[{"href":"https:\/\/www.malexbalet.cz\/index.php?rest_route=\/wp\/v2\/posts\/1687","targetHints":{"allow":["GET"]}}],"collection":[{"href":"https:\/\/www.malexbalet.cz\/index.php?rest_route=\/wp\/v2\/posts"}],"about":[{"href":"https:\/\/www.malexbalet.cz\/index.php?rest_route=\/wp\/v2\/types\/post"}],"author":[{"embeddable":true,"href":"https:\/\/www.malexbalet.cz\/index.php?rest_route=\/wp\/v2\/users\/2"}],"replies":[{"embeddable":true,"href":"https:\/\/www.malexbalet.cz\/index.php?rest_route=%2Fwp%2Fv2%2Fcomments&post=1687"}],"version-history":[{"count":2,"href":"https:\/\/www.malexbalet.cz\/index.php?rest_route=\/wp\/v2\/posts\/1687\/revisions"}],"predecessor-version":[{"id":1690,"href":"https:\/\/www.malexbalet.cz\/index.php?rest_route=\/wp\/v2\/posts\/1687\/revisions\/1690"}],"wp:attachment":[{"href":"https:\/\/www.malexbalet.cz\/index.php?rest_route=%2Fwp%2Fv2%2Fmedia&parent=1687"}],"wp:term":[{"taxonomy":"category","embeddable":true,"href":"https:\/\/www.malexbalet.cz\/index.php?rest_route=%2Fwp%2Fv2%2Fcategories&post=1687"},{"taxonomy":"post_tag","embeddable":true,"href":"https:\/\/www.malexbalet.cz\/index.php?rest_route=%2Fwp%2Fv2%2Ftags&post=1687"}],"curies":[{"name":"wp","href":"https:\/\/api.w.org\/{rel}","templated":true}]}}