{"id":1777,"date":"2023-05-11T15:31:11","date_gmt":"2023-05-11T13:31:11","guid":{"rendered":"https:\/\/www.malexbalet.cz\/?p=1777"},"modified":"2024-02-04T09:51:47","modified_gmt":"2024-02-04T08:51:47","slug":"malex-ballet-school-vas-zve-na-zapis-2023","status":"publish","type":"post","link":"https:\/\/www.malexbalet.cz\/?p=1777","title":{"rendered":"Malex ballet school V\u00e1s zve na n\u00e1bor pro \u0161koln\u00ed rok 2023"},"content":{"rendered":"\n<p><img loading=\"lazy\" decoding=\"async\" class=\"alignleft wp-image-1778\" src=\"https:\/\/www.malexbalet.cz\/wp-content\/uploads\/2023\/05\/Plakat-nabor-2023-1.jpg\" alt=\"\" width=\"325\" height=\"460\" srcset=\"https:\/\/www.malexbalet.cz\/wp-content\/uploads\/2023\/05\/Plakat-nabor-2023-1.jpg 1414w, https:\/\/www.malexbalet.cz\/wp-content\/uploads\/2023\/05\/Plakat-nabor-2023-1-212x300.jpg 212w, https:\/\/www.malexbalet.cz\/wp-content\/uploads\/2023\/05\/Plakat-nabor-2023-1-724x1024.jpg 724w, https:\/\/www.malexbalet.cz\/wp-content\/uploads\/2023\/05\/Plakat-nabor-2023-1-1086x1536.jpg 1086w, https:\/\/www.malexbalet.cz\/wp-content\/uploads\/2023\/05\/Plakat-nabor-2023-1-212x300@2x.jpg 424w\" sizes=\"auto, (max-width: 325px) 100vw, 325px\" \/>D\u011bti od 5 let Talentov\u00e1 zkou\u0161ka prob\u00edh\u00e1 16.6 od 16:30<br \/>Mal\u00e9 divadlo (vchod ze Zeyerovy ul.)<br \/>Tel: 732319023 <br \/>Email: info@malexbalet.cz<\/p>\n","protected":false},"excerpt":{"rendered":"<p>D\u011bti od 5 let Talentov\u00e1 zkou\u0161ka prob\u00edh\u00e1 16.6 od 16:30Mal\u00e9 divadlo (vchod ze Zeyerovy ul.)Tel: 732319023 Email: info@malexbalet.cz<\/p>\n","protected":false},"author":2,"featured_media":1778,"comment_status":"closed","ping_status":"closed","sticky":false,"template":"","format":"gallery","meta":{"_acf_changed":false,"two_page_speed":[],"footnotes":""},"categories":[],"tags":[],"class_list":["post-1777","post","type-post","status-publish","format-gallery","has-post-thumbnail","hentry","post_format-post-format-gallery","entry"],"acf":[],"_links":{"self":[{"href":"https:\/\/www.malexbalet.cz\/index.php?rest_route=\/wp\/v2\/posts\/1777","targetHints":{"allow":["GET"]}}],"collection":[{"href":"https:\/\/www.malexbalet.cz\/index.php?rest_route=\/wp\/v2\/posts"}],"about":[{"href":"https:\/\/www.malexbalet.cz\/index.php?rest_route=\/wp\/v2\/types\/post"}],"author":[{"embeddable":true,"href":"https:\/\/www.malexbalet.cz\/index.php?rest_route=\/wp\/v2\/users\/2"}],"replies":[{"embeddable":true,"href":"https:\/\/www.malexbalet.cz\/index.php?rest_route=%2Fwp%2Fv2%2Fcomments&post=1777"}],"version-history":[{"count":7,"href":"https:\/\/www.malexbalet.cz\/index.php?rest_route=\/wp\/v2\/posts\/1777\/revisions"}],"predecessor-version":[{"id":1891,"href":"https:\/\/www.malexbalet.cz\/index.php?rest_route=\/wp\/v2\/posts\/1777\/revisions\/1891"}],"wp:featuredmedia":[{"embeddable":true,"href":"https:\/\/www.malexbalet.cz\/index.php?rest_route=\/wp\/v2\/media\/1778"}],"wp:attachment":[{"href":"https:\/\/www.malexbalet.cz\/index.php?rest_route=%2Fwp%2Fv2%2Fmedia&parent=1777"}],"wp:term":[{"taxonomy":"category","embeddable":true,"href":"https:\/\/www.malexbalet.cz\/index.php?rest_route=%2Fwp%2Fv2%2Fcategories&post=1777"},{"taxonomy":"post_tag","embeddable":true,"href":"https:\/\/www.malexbalet.cz\/index.php?rest_route=%2Fwp%2Fv2%2Ftags&post=1777"}],"curies":[{"name":"wp","href":"https:\/\/api.w.org\/{rel}","templated":true}]}}