{"id":2183,"date":"2025-09-01T10:41:58","date_gmt":"2025-09-01T08:41:58","guid":{"rendered":"https:\/\/www.malexbalet.cz\/?p=2183"},"modified":"2025-09-01T11:39:01","modified_gmt":"2025-09-01T09:39:01","slug":"2183","status":"publish","type":"post","link":"https:\/\/www.malexbalet.cz\/?p=2183","title":{"rendered":"N\u00e1bor do baletn\u00ed \u0161koly Malex \u2013 d\u011bti i dosp\u011bl\u00ed"},"content":{"rendered":"<section style=\"max-width:800px; margin:0 auto; padding:20px; font-family:Arial, sans-serif; line-height:1.5; text-align:center;\">\n  <!-- Obr\u00e1zek --><br \/>\n  <img decoding=\"async\" src=\"https:\/\/www.malexbalet.cz\/wp-content\/uploads\/2025\/09\/Malex-nabor-baletni-skola-liberec.jpg\" \n       alt=\"Malex Balet n\u00e1bor\" \n       style=\"width:100%; height:auto; display:block; margin-bottom:20px; border-radius:10px;\"><\/p>\n<p>  <!-- Textov\u00fd obsah --><\/p>\n<p style=\"font-size:1.2em; margin-bottom:10px;\">\n    Chcete, aby va\u0161e d\u00edt\u011b rozv\u00edjelo pohyb, koordinaci a kreativitu? Nebo jste dosp\u011bl\u00ed a chcete vyzkou\u0161et balet? \ud83d\udc83\ud83e\ude70\n  <\/p>\n<ul style=\"list-style: none; padding:0; font-size:1.1em; margin-bottom:20px; text-align:left; max-width:600px; margin-left:auto; margin-right:auto;\">\n<li>\u2705 Balet pro d\u011bti od 5 let<\/li>\n<li>\u2705 Balet pro dosp\u011bl\u00e9 \u2013 za\u010d\u00e1te\u010dn\u00edky i pokro\u010dil\u00e9<\/li>\n<li>\u2705 N\u00e1bor do v\u0161ech v\u011bkov\u00fdch skupin<\/li>\n<li>\u2705 Modern\u00ed tanec, jazz a improvizaci<\/li>\n<li>\u2705 P\u0159\u00e1telskou atmosf\u00e9ru a profesion\u00e1ln\u00ed veden\u00ed<\/li>\n<\/ul>\n<p style=\"font-size:1.2em; margin-bottom:20px;\">\n    P\u0159idejte se k n\u00e1m a za\u017eijte radost z pohybu i kr\u00e1su tance! \ud83c\udf38\n  <\/p>\n<p>  <!-- \u010cerven\u00e9 tla\u010d\u00edtko --><br \/>\n  <a href=\"https:\/\/www.malexbalet.cz\/?page_id=415\" target=\"_blank\" \n     style=\"display:inline-block; background-color:#e91e63; color:white; font-weight:bold; padding:15px 30px; text-decoration:none; border-radius:8px; font-size:1.2em;\"><br \/>\n    P\u0159ihl\u00e1sit se<br \/>\n  <\/a><\/p>\n<p style=\"font-size:1.2em; font-weight:bold; margin-top:20px;\">\n    Malex Balet \u2013 kde se rod\u00ed mal\u00e9 i velk\u00e9 baletn\u00ed hv\u011bzdy! \u2728\n  <\/p>\n<\/section>\n","protected":false},"excerpt":{"rendered":"<p>Chcete, aby va\u0161e d\u00edt\u011b rozv\u00edjelo pohyb, koordinaci a kreativitu? Nebo jste dosp\u011bl\u00ed a chcete vyzkou\u0161et balet? \ud83d\udc83\ud83e\ude70 \u2705 Balet pro d\u011bti od 5 let \u2705 Balet pro dosp\u011bl\u00e9 \u2013 za\u010d\u00e1te\u010dn\u00edky i pokro\u010dil\u00e9 \u2705 N\u00e1bor do v\u0161ech v\u011bkov\u00fdch skupin \u2705 Modern\u00ed tanec, jazz a improvizaci \u2705 P\u0159\u00e1telskou atmosf\u00e9ru a profesion\u00e1ln\u00ed veden\u00ed P\u0159idejte se k n\u00e1m a&hellip;<\/p>\n","protected":false},"author":2,"featured_media":2185,"comment_status":"closed","ping_status":"closed","sticky":false,"template":"","format":"standard","meta":{"_acf_changed":false,"two_page_speed":null,"footnotes":""},"categories":[],"tags":[],"class_list":["post-2183","post","type-post","status-publish","format-standard","has-post-thumbnail","hentry","entry"],"acf":[],"_links":{"self":[{"href":"https:\/\/www.malexbalet.cz\/index.php?rest_route=\/wp\/v2\/posts\/2183","targetHints":{"allow":["GET"]}}],"collection":[{"href":"https:\/\/www.malexbalet.cz\/index.php?rest_route=\/wp\/v2\/posts"}],"about":[{"href":"https:\/\/www.malexbalet.cz\/index.php?rest_route=\/wp\/v2\/types\/post"}],"author":[{"embeddable":true,"href":"https:\/\/www.malexbalet.cz\/index.php?rest_route=\/wp\/v2\/users\/2"}],"replies":[{"embeddable":true,"href":"https:\/\/www.malexbalet.cz\/index.php?rest_route=%2Fwp%2Fv2%2Fcomments&post=2183"}],"version-history":[{"count":6,"href":"https:\/\/www.malexbalet.cz\/index.php?rest_route=\/wp\/v2\/posts\/2183\/revisions"}],"predecessor-version":[{"id":2196,"href":"https:\/\/www.malexbalet.cz\/index.php?rest_route=\/wp\/v2\/posts\/2183\/revisions\/2196"}],"wp:featuredmedia":[{"embeddable":true,"href":"https:\/\/www.malexbalet.cz\/index.php?rest_route=\/wp\/v2\/media\/2185"}],"wp:attachment":[{"href":"https:\/\/www.malexbalet.cz\/index.php?rest_route=%2Fwp%2Fv2%2Fmedia&parent=2183"}],"wp:term":[{"taxonomy":"category","embeddable":true,"href":"https:\/\/www.malexbalet.cz\/index.php?rest_route=%2Fwp%2Fv2%2Fcategories&post=2183"},{"taxonomy":"post_tag","embeddable":true,"href":"https:\/\/www.malexbalet.cz\/index.php?rest_route=%2Fwp%2Fv2%2Ftags&post=2183"}],"curies":[{"name":"wp","href":"https:\/\/api.w.org\/{rel}","templated":true}]}}