{"id":2446,"date":"2025-12-06T13:21:22","date_gmt":"2025-12-06T12:21:22","guid":{"rendered":"https:\/\/www.malexbalet.cz\/?p=2446"},"modified":"2025-12-06T13:32:28","modified_gmt":"2025-12-06T12:32:28","slug":"malex-ballet-school-usporadala-herecko-tanecni-workshop-se-simonem-kubanem","status":"publish","type":"post","link":"https:\/\/www.malexbalet.cz\/?p=2446","title":{"rendered":"Malex Ballet School uspo\u0159\u00e1dala herecko-tane\u010dn\u00ed workshop se \u0160imonem Kub\u00e1n\u011bm"},"content":{"rendered":"<p><strong>Malex Ballet School uspo\u0159\u00e1dala herecko-tane\u010dn\u00ed workshop se \u0160imonem Kub\u00e1n\u011bm.<\/strong><\/p>\n<p>\nC\u00edlem workshopu bylo rozv\u00edjet tane\u010dn\u00ed v\u00fdraz, pr\u00e1ci s emoc\u00ed a hereckou slo\u017eku pohybu.<br \/>\n\u00da\u010dastn\u00edci z\u00edskali cenn\u00e9 zku\u0161enosti od profesion\u00e1ln\u00edho tane\u010dn\u00edka a choreografa a odnesli si nov\u00e9 dovednosti<br \/>\npro sv\u016fj dal\u0161\u00ed um\u011bleck\u00fd rozvoj.\n<\/p>\n<p><!-- Text + logo Libereck\u00e9ho kraje --><\/p>\n<div style=\"display: flex; align-items: center; gap: 10px; margin: 15px 0;\">\n    <strong>Akce byla podpo\u0159ena Libereck\u00fdm krajem.<\/strong><br \/>\n    <img decoding=\"async\" src=\"https:\/\/www.malexbalet.cz\/wp-content\/uploads\/2025\/11\/LK-Logotype-PANTONE-Red-032-C.png\"\n         alt=\"Libereck\u00fd kraj\"\n         style=\"max-height: 45px; width: auto;\" \/>\n<\/div>\n<p><!-- Galerie fotografi\u00ed (dvousloupcov\u00e1) --><\/p>\n<div class=\"custom-gallery\" style=\"display: flex; flex-wrap: wrap; gap: 10px; margin-top: 20px;\">\n    <img decoding=\"async\" src=\"https:\/\/www.malexbalet.cz\/wp-content\/uploads\/2025\/12\/IMG_20251206_125901-scaled.jpg\" alt=\"\" style=\"flex: 0 0 50%; max-width: 50%; border-radius:6px;\" \/><br \/>\n    <img decoding=\"async\" src=\"https:\/\/www.malexbalet.cz\/wp-content\/uploads\/2025\/12\/IMG_20251206_130009.jpg\" alt=\"\" style=\"flex: 0 0 50%; max-width: 50%; border-radius:6px;\" \/><br \/>\n    <img decoding=\"async\" src=\"https:\/\/www.malexbalet.cz\/wp-content\/uploads\/2025\/12\/IMG_20251206_130041.jpg\" alt=\"\" style=\"flex: 0 0 50%; max-width: 50%; border-radius:6px;\" \/><br \/>\n    <img decoding=\"async\" src=\"https:\/\/www.malexbalet.cz\/wp-content\/uploads\/2025\/12\/IMG_20251206_130058.jpg\" alt=\"\" style=\"flex: 0 0 50%; max-width: 50%; border-radius:6px;\" \/><br \/>\n    <img decoding=\"async\" src=\"https:\/\/www.malexbalet.cz\/wp-content\/uploads\/2025\/12\/IMG_20251206_130115.jpg\" alt=\"\" style=\"flex: 0 0 50%; max-width: 50%; border-radius:6px;\" \/><br \/>\n    <img decoding=\"async\" src=\"https:\/\/www.malexbalet.cz\/wp-content\/uploads\/2025\/12\/IMG_20251206_130135.jpg\" alt=\"\" style=\"flex: 0 0 50%; max-width: 50%; border-radius:6px;\" \/><br \/>\n    <img decoding=\"async\" src=\"https:\/\/www.malexbalet.cz\/wp-content\/uploads\/2025\/12\/IMG_20251206_130150.jpg\" alt=\"\" style=\"flex: 0 0 50%; max-width: 50%; border-radius:6px;\" \/><br \/>\n    <img decoding=\"async\" src=\"https:\/\/www.malexbalet.cz\/wp-content\/uploads\/2025\/12\/IMG_20251206_130212.jpg\" alt=\"\" style=\"flex: 0 0 50%; max-width: 50%; border-radius:6px;\" \/><br \/>\n    <img decoding=\"async\" src=\"https:\/\/www.malexbalet.cz\/wp-content\/uploads\/2025\/12\/IMG_20251206_130232.jpg\" alt=\"\" style=\"flex: 0 0 50%; max-width: 50%; border-radius:6px;\" \/>\n<\/div>\n<p><!-- Voliteln\u00e9 CSS pro jistotu, \u017ee \u0161ablona nezm\u011bn\u00ed styl --><\/p>\n<style>\n.custom-gallery img {\n    display: block;\n    width: 100%;\n    height: auto;\n}\n@media (max-width: 768px) {\n    .custom-gallery img {\n        flex: 0 0 100%;\n        max-width: 100%;\n    }\n}\n<\/style>\n","protected":false},"excerpt":{"rendered":"<p>Malex Ballet School uspo\u0159\u00e1dala herecko-tane\u010dn\u00ed workshop se \u0160imonem Kub\u00e1n\u011bm. C\u00edlem workshopu bylo rozv\u00edjet tane\u010dn\u00ed v\u00fdraz, pr\u00e1ci s emoc\u00ed a hereckou slo\u017eku pohybu. \u00da\u010dastn\u00edci z\u00edskali cenn\u00e9 zku\u0161enosti od profesion\u00e1ln\u00edho tane\u010dn\u00edka a choreografa a odnesli si nov\u00e9 dovednosti pro sv\u016fj dal\u0161\u00ed um\u011bleck\u00fd rozvoj. Akce byla podpo\u0159ena Libereck\u00fdm krajem.<\/p>\n","protected":false},"author":2,"featured_media":2444,"comment_status":"closed","ping_status":"closed","sticky":false,"template":"","format":"standard","meta":{"_acf_changed":false,"two_page_speed":[],"footnotes":""},"categories":[],"tags":[],"class_list":["post-2446","post","type-post","status-publish","format-standard","has-post-thumbnail","hentry","entry"],"acf":[],"_links":{"self":[{"href":"https:\/\/www.malexbalet.cz\/index.php?rest_route=\/wp\/v2\/posts\/2446","targetHints":{"allow":["GET"]}}],"collection":[{"href":"https:\/\/www.malexbalet.cz\/index.php?rest_route=\/wp\/v2\/posts"}],"about":[{"href":"https:\/\/www.malexbalet.cz\/index.php?rest_route=\/wp\/v2\/types\/post"}],"author":[{"embeddable":true,"href":"https:\/\/www.malexbalet.cz\/index.php?rest_route=\/wp\/v2\/users\/2"}],"replies":[{"embeddable":true,"href":"https:\/\/www.malexbalet.cz\/index.php?rest_route=%2Fwp%2Fv2%2Fcomments&post=2446"}],"version-history":[{"count":5,"href":"https:\/\/www.malexbalet.cz\/index.php?rest_route=\/wp\/v2\/posts\/2446\/revisions"}],"predecessor-version":[{"id":2451,"href":"https:\/\/www.malexbalet.cz\/index.php?rest_route=\/wp\/v2\/posts\/2446\/revisions\/2451"}],"wp:featuredmedia":[{"embeddable":true,"href":"https:\/\/www.malexbalet.cz\/index.php?rest_route=\/wp\/v2\/media\/2444"}],"wp:attachment":[{"href":"https:\/\/www.malexbalet.cz\/index.php?rest_route=%2Fwp%2Fv2%2Fmedia&parent=2446"}],"wp:term":[{"taxonomy":"category","embeddable":true,"href":"https:\/\/www.malexbalet.cz\/index.php?rest_route=%2Fwp%2Fv2%2Fcategories&post=2446"},{"taxonomy":"post_tag","embeddable":true,"href":"https:\/\/www.malexbalet.cz\/index.php?rest_route=%2Fwp%2Fv2%2Ftags&post=2446"}],"curies":[{"name":"wp","href":"https:\/\/api.w.org\/{rel}","templated":true}]}}