{"id":848,"date":"2018-12-24T13:00:25","date_gmt":"2018-12-24T12:00:25","guid":{"rendered":"http:\/\/www.malexbalet.cz\/?p=848"},"modified":"2018-12-24T13:22:09","modified_gmt":"2018-12-24T12:22:09","slug":"vesele-vanoce-a-stastny-novy-rok-2018","status":"publish","type":"post","link":"https:\/\/www.malexbalet.cz\/?p=848","title":{"rendered":"Vesel\u00e9 V\u00e1noce a \u0161\u0165astn\u00fd nov\u00fd rok 2019"},"content":{"rendered":"<p>Pod strome\u010dkem hodn\u011b d\u00e1rk\u016f<br \/>\na pak radost z hezk\u00fdch sv\u00e1tk\u016f.<br \/>\n\u0160t\u011bst\u00ed, zdrav\u00ed na V\u00e1noce<br \/>\na pak je\u0161t\u011b v nov\u00e9m roce,<br \/>\np\u0159eje Malex ballet school.<a href=\"https:\/\/www.malexbalet.cz\/?attachment_id=896\" rel=\"attachment wp-att-896\"><img loading=\"lazy\" decoding=\"async\" class=\"alignnone size-large wp-image-896\" src=\"https:\/\/www.malexbalet.cz\/wp-content\/uploads\/2018\/03\/\u0411\u0435\u0437-\u0438\u043c\u0435\u043d\u0438-1-1024x768.png\" alt=\"\" width=\"751\" height=\"563\" srcset=\"https:\/\/www.malexbalet.cz\/wp-content\/uploads\/2018\/03\/\u0411\u0435\u0437-\u0438\u043c\u0435\u043d\u0438-1-1024x768.png 1024w, https:\/\/www.malexbalet.cz\/wp-content\/uploads\/2018\/03\/\u0411\u0435\u0437-\u0438\u043c\u0435\u043d\u0438-1-300x225.png 300w\" sizes=\"auto, (max-width: 751px) 100vw, 751px\" \/><\/a><\/p>\n","protected":false},"excerpt":{"rendered":"<p>Pod strome\u010dkem hodn\u011b d\u00e1rk\u016f a pak radost z hezk\u00fdch sv\u00e1tk\u016f. \u0160t\u011bst\u00ed, zdrav\u00ed na V\u00e1noce a pak je\u0161t\u011b v nov\u00e9m roce, p\u0159eje Malex ballet school.<\/p>\n","protected":false},"author":2,"featured_media":896,"comment_status":"closed","ping_status":"closed","sticky":false,"template":"","format":"standard","meta":{"_acf_changed":false,"two_page_speed":[],"footnotes":""},"categories":[],"tags":[],"class_list":["post-848","post","type-post","status-publish","format-standard","has-post-thumbnail","hentry","entry"],"acf":[],"_links":{"self":[{"href":"https:\/\/www.malexbalet.cz\/index.php?rest_route=\/wp\/v2\/posts\/848","targetHints":{"allow":["GET"]}}],"collection":[{"href":"https:\/\/www.malexbalet.cz\/index.php?rest_route=\/wp\/v2\/posts"}],"about":[{"href":"https:\/\/www.malexbalet.cz\/index.php?rest_route=\/wp\/v2\/types\/post"}],"author":[{"embeddable":true,"href":"https:\/\/www.malexbalet.cz\/index.php?rest_route=\/wp\/v2\/users\/2"}],"replies":[{"embeddable":true,"href":"https:\/\/www.malexbalet.cz\/index.php?rest_route=%2Fwp%2Fv2%2Fcomments&post=848"}],"version-history":[{"count":7,"href":"https:\/\/www.malexbalet.cz\/index.php?rest_route=\/wp\/v2\/posts\/848\/revisions"}],"predecessor-version":[{"id":855,"href":"https:\/\/www.malexbalet.cz\/index.php?rest_route=\/wp\/v2\/posts\/848\/revisions\/855"}],"wp:featuredmedia":[{"embeddable":true,"href":"https:\/\/www.malexbalet.cz\/index.php?rest_route=\/wp\/v2\/media\/896"}],"wp:attachment":[{"href":"https:\/\/www.malexbalet.cz\/index.php?rest_route=%2Fwp%2Fv2%2Fmedia&parent=848"}],"wp:term":[{"taxonomy":"category","embeddable":true,"href":"https:\/\/www.malexbalet.cz\/index.php?rest_route=%2Fwp%2Fv2%2Fcategories&post=848"},{"taxonomy":"post_tag","embeddable":true,"href":"https:\/\/www.malexbalet.cz\/index.php?rest_route=%2Fwp%2Fv2%2Ftags&post=848"}],"curies":[{"name":"wp","href":"https:\/\/api.w.org\/{rel}","templated":true}]}}