{"id":884,"date":"2018-02-16T11:09:05","date_gmt":"2018-02-16T10:09:05","guid":{"rendered":"http:\/\/www.malexbalet.cz\/?p=884"},"modified":"2018-02-16T11:09:05","modified_gmt":"2018-02-16T10:09:05","slug":"kulturni-pocin-2017","status":"publish","type":"post","link":"https:\/\/www.malexbalet.cz\/?p=884","title":{"rendered":"Kulturn\u00ed po\u010din 2017"},"content":{"rendered":"<p><span style=\"color: #ff0000;\"><strong>Jsme na 7 m\u00edst\u011b pro Malex Ballet School je to velk\u00fd \u00fasp\u011bch!!!<\/strong><\/span><\/p>\n<p>&nbsp;<\/p>\n<p class=\"wnd-align-justify\"><strong>Kulturn\u00ed po\u010din 2017 &#8211; po\u0159ad\u00ed prvn\u00ed des\u00edtky<\/strong><\/p>\n<ul>\n<li class=\"wnd-align-justify\">v\u00edt\u011bzstv\u00ed mlad\u00e9ho houslisty Milana Kostelence (*2007) na 59. mezin\u00e1rodn\u00ed sout\u011b\u017ei mlad\u00fdch houslist\u016f Koci\u00e1novo \u00dast\u00ed v kategorii do 10 let za proveden\u00ed Bachovy skladby Gigue d moll<\/li>\n<li class=\"wnd-align-justify\">v\u00fdstava v Oblastn\u00ed galerii Liberec &#8211; L\u00e1zn\u011b Giacometti &#8211; Picasso &#8211; Chirico<\/li>\n<li class=\"wnd-align-justify\">projekty Krajsk\u00e9 v\u011bdeck\u00e9 knihovny v Liberci D\u011bti \u010dtou nevidom\u00fdm d\u011btem a ZnakoKniha \u010cesk\u00fd r\u00e1j a jeho tajemstv\u00ed a inscenace Naivn\u00edho divadla Liberec Jsou m\u00edsta obl\u00edben\u00e1 tmou, kde nikdy a nic na ostrovech se skr\u00fdv\u00e1 odlehl\u00fdch<\/li>\n<li class=\"wnd-align-justify\">cena Franti\u0161ka L\u00fdska pro Silvii P\u00e1lkovou, sbormistryni Sever\u00e1\u010dku, za \u010dinnost v oblasti sborov\u00e9ho zp\u011bvu<\/li>\n<li class=\"wnd-align-justify\">inscenace Divadla F. X. \u0160aldy V\u00e1lka (Mal\u00e9 divadlo)<\/li>\n<li class=\"wnd-align-justify\">nov\u011b otev\u0159en\u00fd pavilon Technick\u00e9ho muzea v Liberci<\/li>\n<li class=\"wnd-align-justify\">balet Sn\u011bhurka a sedm trpasl\u00edk\u016f (po\u0159adatel Marie Gornalova\/ Malex Ballet School)<\/li>\n<li class=\"wnd-align-justify\">koncert Adama Plachetky Mozart Gala v Divadle F. X. \u0160aldy (16. ro\u010dn\u00edk MHF L\u00edpa Musica)<\/li>\n<li class=\"wnd-align-justify\">v\u00fdstava Oblastn\u00ed galerie Liberec &#8211; L\u00e1zn\u011b Metznerbund<\/li>\n<li class=\"wnd-align-justify\">Artweek v Liberci<\/li>\n<li class=\"wnd-align-justify\"><a href=\"http:\/\/www.malexbalet.cz\/wp-content\/uploads\/2018\/02\/1234.jpg\"><img loading=\"lazy\" decoding=\"async\" class=\"alignnone size-medium wp-image-885\" src=\"http:\/\/www.malexbalet.cz\/wp-content\/uploads\/2018\/02\/1234-300x200.jpg\" alt=\"\" width=\"300\" height=\"200\" srcset=\"https:\/\/www.malexbalet.cz\/wp-content\/uploads\/2018\/02\/1234-300x200.jpg 300w, https:\/\/www.malexbalet.cz\/wp-content\/uploads\/2018\/02\/1234-751x500.jpg 751w, https:\/\/www.malexbalet.cz\/wp-content\/uploads\/2018\/02\/1234-272x182.jpg 272w, https:\/\/www.malexbalet.cz\/wp-content\/uploads\/2018\/02\/1234.jpg 960w, https:\/\/www.malexbalet.cz\/wp-content\/uploads\/2018\/02\/1234-300x200@2x.jpg 600w, https:\/\/www.malexbalet.cz\/wp-content\/uploads\/2018\/02\/1234-272x182@2x.jpg 544w\" sizes=\"auto, (max-width: 300px) 100vw, 300px\" \/><\/a><\/li>\n<\/ul>\n","protected":false},"excerpt":{"rendered":"<p>Jsme na 7 m\u00edst\u011b pro Malex Ballet School je to velk\u00fd \u00fasp\u011bch!!! &nbsp; Kulturn\u00ed po\u010din 2017 &#8211; po\u0159ad\u00ed prvn\u00ed des\u00edtky v\u00edt\u011bzstv\u00ed mlad\u00e9ho houslisty Milana Kostelence (*2007) na 59. mezin\u00e1rodn\u00ed sout\u011b\u017ei mlad\u00fdch houslist\u016f Koci\u00e1novo \u00dast\u00ed v kategorii do 10 let za proveden\u00ed Bachovy skladby Gigue d moll v\u00fdstava v Oblastn\u00ed galerii Liberec &#8211; L\u00e1zn\u011b Giacometti &#8211;&hellip;<\/p>\n","protected":false},"author":2,"featured_media":885,"comment_status":"closed","ping_status":"closed","sticky":false,"template":"","format":"standard","meta":{"_acf_changed":false,"two_page_speed":[],"footnotes":""},"categories":[],"tags":[],"class_list":["post-884","post","type-post","status-publish","format-standard","has-post-thumbnail","hentry","entry"],"acf":[],"_links":{"self":[{"href":"https:\/\/www.malexbalet.cz\/index.php?rest_route=\/wp\/v2\/posts\/884","targetHints":{"allow":["GET"]}}],"collection":[{"href":"https:\/\/www.malexbalet.cz\/index.php?rest_route=\/wp\/v2\/posts"}],"about":[{"href":"https:\/\/www.malexbalet.cz\/index.php?rest_route=\/wp\/v2\/types\/post"}],"author":[{"embeddable":true,"href":"https:\/\/www.malexbalet.cz\/index.php?rest_route=\/wp\/v2\/users\/2"}],"replies":[{"embeddable":true,"href":"https:\/\/www.malexbalet.cz\/index.php?rest_route=%2Fwp%2Fv2%2Fcomments&post=884"}],"version-history":[{"count":1,"href":"https:\/\/www.malexbalet.cz\/index.php?rest_route=\/wp\/v2\/posts\/884\/revisions"}],"predecessor-version":[{"id":886,"href":"https:\/\/www.malexbalet.cz\/index.php?rest_route=\/wp\/v2\/posts\/884\/revisions\/886"}],"wp:featuredmedia":[{"embeddable":true,"href":"https:\/\/www.malexbalet.cz\/index.php?rest_route=\/wp\/v2\/media\/885"}],"wp:attachment":[{"href":"https:\/\/www.malexbalet.cz\/index.php?rest_route=%2Fwp%2Fv2%2Fmedia&parent=884"}],"wp:term":[{"taxonomy":"category","embeddable":true,"href":"https:\/\/www.malexbalet.cz\/index.php?rest_route=%2Fwp%2Fv2%2Fcategories&post=884"},{"taxonomy":"post_tag","embeddable":true,"href":"https:\/\/www.malexbalet.cz\/index.php?rest_route=%2Fwp%2Fv2%2Ftags&post=884"}],"curies":[{"name":"wp","href":"https:\/\/api.w.org\/{rel}","templated":true}]}}